{"id":2567,"date":"2017-09-29T08:00:02","date_gmt":"2017-09-29T11:00:02","guid":{"rendered":"http:\/\/ppgcc.ifce.edu.br\/?p=2567"},"modified":"2017-09-29T08:00:40","modified_gmt":"2017-09-29T11:00:40","slug":"19a-defesa-de-dissertacao-do-ppgcc-carlos-eduardo-viana-valente","status":"publish","type":"post","link":"https:\/\/ppgcc.ifce.edu.br\/?p=2567","title":{"rendered":"19a Defesa de Disserta\u00e7\u00e3o do PPGCC \u2013 Carlos Eduardo Viana Valente"},"content":{"rendered":"<p><a href=\"http:\/\/ppgcc.ifce.edu.br\/wp-content\/uploads\/2017\/09\/19a_defesa_CarlosEduardo.png\"><img loading=\"lazy\" decoding=\"async\" class=\"wp-image-2568 size-medium alignleft\" src=\"http:\/\/ppgcc.ifce.edu.br\/wp-content\/uploads\/2017\/09\/19a_defesa_CarlosEduardo-300x212.png\" alt=\"\" width=\"300\" height=\"212\" srcset=\"https:\/\/ppgcc.ifce.edu.br\/wp-content\/uploads\/2017\/09\/19a_defesa_CarlosEduardo-300x212.png 300w, https:\/\/ppgcc.ifce.edu.br\/wp-content\/uploads\/2017\/09\/19a_defesa_CarlosEduardo-768x543.png 768w, https:\/\/ppgcc.ifce.edu.br\/wp-content\/uploads\/2017\/09\/19a_defesa_CarlosEduardo-1024x724.png 1024w, https:\/\/ppgcc.ifce.edu.br\/wp-content\/uploads\/2017\/09\/19a_defesa_CarlosEduardo-150x106.png 150w, https:\/\/ppgcc.ifce.edu.br\/wp-content\/uploads\/2017\/09\/19a_defesa_CarlosEduardo.png 1528w\" sizes=\"auto, (max-width: 300px) 100vw, 300px\" \/><\/a>O PPGCC realizou\u00a0a sua 19a. defesa de mestrado na \u00faltima quinta-feira, dia 28\/09\/2017, \u00e0s 14h na Sala 1 do PPGCC-IFCE. O\u00a0aluno Carlos Eduardo Viana Valente obteve\u00a0seu t\u00edtulo de mestre em Ci\u00eancia da Computa\u00e7\u00e3o\u00a0com o trabalho intitulado \u201cUma Arquitetura de Suporte \u00e0 Adapta\u00e7\u00e3o Din\u00e2mica de Apps de Segunda Tela&#8221;. O trabalho foi orientado pelo Prof. Dr. Cidcley Teixeira de Souza (PPGCC-IFCE), e completaram a banca examinadora a Profa. Dra. Carina Teixeira de Oliveira (PPGCC-IFCE) e\u00a0o Prof. Dr. Henrique S\u00e9rgio Lima Pequeno (UFC).<\/p>\n<p>&nbsp;<\/p>\n","protected":false},"excerpt":{"rendered":"<p>O PPGCC realizou\u00a0a sua 19a. defesa de mestrado na \u00faltima quinta-feira, dia 28\/09\/2017, \u00e0s 14h na Sala 1 do PPGCC-IFCE. O\u00a0aluno Carlos Eduardo Viana Valente obteve\u00a0seu t\u00edtulo de mestre em Ci\u00eancia da Computa\u00e7\u00e3o\u00a0com o trabalho intitulado \u201cUma Arquitetura de Suporte \u00e0 Adapta\u00e7\u00e3o Din\u00e2mica de Apps de Segunda Tela&#8221;. O trabalho foi orientado pelo Prof. Dr. [&hellip;]<\/p>\n","protected":false},"author":13,"featured_media":2569,"comment_status":"closed","ping_status":"open","sticky":false,"template":"","format":"standard","meta":{"footnotes":""},"categories":[40],"tags":[],"class_list":["post-2567","post","type-post","status-publish","format-standard","has-post-thumbnail","hentry","category-defesas-de-dissertacao"],"_links":{"self":[{"href":"https:\/\/ppgcc.ifce.edu.br\/index.php?rest_route=\/wp\/v2\/posts\/2567","targetHints":{"allow":["GET"]}}],"collection":[{"href":"https:\/\/ppgcc.ifce.edu.br\/index.php?rest_route=\/wp\/v2\/posts"}],"about":[{"href":"https:\/\/ppgcc.ifce.edu.br\/index.php?rest_route=\/wp\/v2\/types\/post"}],"author":[{"embeddable":true,"href":"https:\/\/ppgcc.ifce.edu.br\/index.php?rest_route=\/wp\/v2\/users\/13"}],"replies":[{"embeddable":true,"href":"https:\/\/ppgcc.ifce.edu.br\/index.php?rest_route=%2Fwp%2Fv2%2Fcomments&post=2567"}],"version-history":[{"count":2,"href":"https:\/\/ppgcc.ifce.edu.br\/index.php?rest_route=\/wp\/v2\/posts\/2567\/revisions"}],"predecessor-version":[{"id":2571,"href":"https:\/\/ppgcc.ifce.edu.br\/index.php?rest_route=\/wp\/v2\/posts\/2567\/revisions\/2571"}],"wp:featuredmedia":[{"embeddable":true,"href":"https:\/\/ppgcc.ifce.edu.br\/index.php?rest_route=\/wp\/v2\/media\/2569"}],"wp:attachment":[{"href":"https:\/\/ppgcc.ifce.edu.br\/index.php?rest_route=%2Fwp%2Fv2%2Fmedia&parent=2567"}],"wp:term":[{"taxonomy":"category","embeddable":true,"href":"https:\/\/ppgcc.ifce.edu.br\/index.php?rest_route=%2Fwp%2Fv2%2Fcategories&post=2567"},{"taxonomy":"post_tag","embeddable":true,"href":"https:\/\/ppgcc.ifce.edu.br\/index.php?rest_route=%2Fwp%2Fv2%2Ftags&post=2567"}],"curies":[{"name":"wp","href":"https:\/\/api.w.org\/{rel}","templated":true}]}}